{"id":2276,"date":"2026-02-08T15:01:56","date_gmt":"2026-02-08T19:01:56","guid":{"rendered":"https:\/\/ansh.org\/?p=2276"},"modified":"2026-02-08T15:01:57","modified_gmt":"2026-02-08T19:01:57","slug":"nuevo-presidente-para-ansh-2026-2029","status":"publish","type":"post","link":"https:\/\/ansh.org\/es\/nuevo-presidente-para-ansh-2026-2029\/","title":{"rendered":"Nuevo Presidente para ANSH 2026-2029"},"content":{"rendered":"\n<p><\/p>\n\n\n<style>.wp-block-kadence-advancedgallery .kb-gallery-type-masonry.kb-gallery-id-2276_1cd3f5-30{margin:-5px;}.kb-gallery-type-masonry.kb-gallery-id-2276_1cd3f5-30 .kadence-blocks-gallery-item{padding:5px;}.kb-gallery-id-2276_1cd3f5-30 .kadence-blocks-gallery-item .kb-gal-image-radius, .kb-gallery-id-2276_1cd3f5-30 .kb-slide-item .kb-gal-image-radius img{border-radius:0px 0px 0px 0px;;}<\/style><div class=\"kb-gallery-wrap-id-2276_1cd3f5-30 alignnone wp-block-kadence-advancedgallery\"><ul class=\"kb-gallery-ul kb-gallery-non-static kb-gallery-type-masonry kb-masonry-init kb-gallery-id-2276_1cd3f5-30 kb-gallery-caption-style-bottom-hover kb-gallery-filter-none\" data-image-filter=\"none\" data-item-selector=\".kadence-blocks-gallery-item\" data-lightbox-caption=\"true\" data-columns-xxl=\"3\" data-columns-xl=\"3\" data-columns-md=\"3\" data-columns-sm=\"2\" data-columns-xs=\"1\" data-columns-ss=\"1\"><li class=\"kadence-blocks-gallery-item\" tabindex=\"0\"><div class=\"kadence-blocks-gallery-item-inner\"><figure class=\"kb-gallery-figure kadence-blocks-gallery-item-hide-caption\"><div class=\"kb-gal-image-radius\" style=\"max-width:1024px;\"><div class=\"kb-gallery-image-contain kadence-blocks-gallery-intrinsic\" style=\"padding-bottom:99%;\"><img loading=\"lazy\" decoding=\"async\" src=\"https:\/\/ansh.org\/wp-content\/uploads\/2026\/01\/3a48aabe-f69c-407e-a5ce-986711d42ed5-1024x1018.jpg\" width=\"1024\" height=\"1018\" alt=\"\" data-full-image=\"https:\/\/ansh.org\/wp-content\/uploads\/2026\/01\/3a48aabe-f69c-407e-a5ce-986711d42ed5.jpg\" data-light-image=\"https:\/\/ansh.org\/wp-content\/uploads\/2026\/01\/3a48aabe-f69c-407e-a5ce-986711d42ed5.jpg\" data-id=\"2162\" class=\"wp-image-2162\" srcset=\"https:\/\/ansh.org\/wp-content\/uploads\/2026\/01\/3a48aabe-f69c-407e-a5ce-986711d42ed5-1024x1018.jpg 1024w, https:\/\/ansh.org\/wp-content\/uploads\/2026\/01\/3a48aabe-f69c-407e-a5ce-986711d42ed5-300x298.jpg 300w, https:\/\/ansh.org\/wp-content\/uploads\/2026\/01\/3a48aabe-f69c-407e-a5ce-986711d42ed5-150x150.jpg 150w, https:\/\/ansh.org\/wp-content\/uploads\/2026\/01\/3a48aabe-f69c-407e-a5ce-986711d42ed5-768x764.jpg 768w, https:\/\/ansh.org\/wp-content\/uploads\/2026\/01\/3a48aabe-f69c-407e-a5ce-986711d42ed5.jpg 1075w\" sizes=\"auto, (max-width: 1024px) 100vw, 1024px\" \/><\/div><\/div><\/figure><\/div><\/li><\/ul><\/div>\n\n<p>El Padre Juan Arieza ha sido elegido como el nuevo presidente de ANSH para el per\u00edodo 2026\u20132029. El Padre Juan es sacerdote de la Arquidi\u00f3cesis de Atlanta y es oriundo de Colombia. Iniciar\u00e1 oficialmente sus gestiones y asumir\u00e1 sus responsabilidades durante la pr\u00f3xima Convenci\u00f3n Anual, que se llevar\u00e1 a cabo del 19 al 22 de octubre en la Arquidi\u00f3cesis de Dallas, Texas.<\/p>\n<p>Nuestro nuevo presidente recibir\u00e1 del Padre Jiovanny Batista, actual presidente de ANSH (2023\u20132026), la coordinaci\u00f3n de diversos proyectos e iniciativas, entre los que se destacan el fortalecimiento de ANSH como organizaci\u00f3n, la ampliaci\u00f3n de su alcance y cercan\u00eda con un mayor n\u00famero de sacerdotes hispanos en los Estados Unidos, el proyecto <em>Haciendo Caminos<\/em> en colaboraci\u00f3n con Boston College, as\u00ed como la organizaci\u00f3n de la convenci\u00f3n anual y de los retiros sacerdotales.<\/p>\n<p>Expresamos nuestros mejores deseos y ofrecemos nuestras oraciones al Padre Juan en esta nueva responsabilidad que asume con amor, sentido de servicio, responsabilidad y profunda devoci\u00f3n.<\/p>","protected":false},"excerpt":{"rendered":"<p>El Padre Juan Arieza ha sido elegido como el nuevo presidente de ANSH para el per\u00edodo 2026\u20132029. El Padre Juan es sacerdote de&#8230;<\/p>\n","protected":false},"author":11,"featured_media":2162,"comment_status":"closed","ping_status":"open","sticky":false,"template":"","format":"standard","meta":{"_kad_blocks_custom_css":"","_kad_blocks_head_custom_js":"","_kad_blocks_body_custom_js":"","_kad_blocks_footer_custom_js":"","_EventAllDay":false,"_EventTimezone":"","_EventStartDate":"","_EventEndDate":"","_EventStartDateUTC":"","_EventEndDateUTC":"","_EventShowMap":false,"_EventShowMapLink":false,"_EventURL":"","_EventCost":"","_EventCostDescription":"","_EventCurrencySymbol":"","_EventCurrencyCode":"","_EventCurrencyPosition":"","_EventDateTimeSeparator":"","_EventTimeRangeSeparator":"","_EventOrganizerID":[],"_EventVenueID":[],"_OrganizerEmail":"","_OrganizerPhone":"","_OrganizerWebsite":"","_VenueAddress":"","_VenueCity":"","_VenueCountry":"","_VenueProvince":"","_VenueState":"","_VenueZip":"","_VenuePhone":"","_VenueURL":"","_VenueStateProvince":"","_VenueLat":"","_VenueLng":"","_VenueShowMap":false,"_VenueShowMapLink":false,"_kad_post_transparent":"","_kad_post_title":"","_kad_post_layout":"","_kad_post_sidebar_id":"","_kad_post_content_style":"","_kad_post_vertical_padding":"","_kad_post_feature":"","_kad_post_feature_position":"","_kad_post_header":false,"_kad_post_footer":false,"footnotes":""},"categories":[41,42],"tags":[],"class_list":["post-2276","post","type-post","status-publish","format-standard","has-post-thumbnail","hentry","category-esperanza-para-el-manana","category-mensajes-anteriores"],"taxonomy_info":{"category":[{"value":41,"label":"Esperanza para el ma\u00f1ana"},{"value":42,"label":"Mensajes anteriores"}]},"featured_image_src_large":["https:\/\/ansh.org\/wp-content\/uploads\/2026\/01\/3a48aabe-f69c-407e-a5ce-986711d42ed5-1024x1018.jpg",1024,1018,true],"author_info":{"display_name":"Gerson Espinosa","author_link":"https:\/\/ansh.org\/es\/author\/gerson_espinosa\/"},"comment_info":0,"category_info":[{"term_id":41,"name":"Esperanza para el ma\u00f1ana","slug":"esperanza-para-el-manana","term_group":0,"term_taxonomy_id":41,"taxonomy":"category","description":"","parent":0,"count":12,"filter":"raw","cat_ID":41,"category_count":12,"category_description":"","cat_name":"Esperanza para el ma\u00f1ana","category_nicename":"esperanza-para-el-manana","category_parent":0},{"term_id":42,"name":"Mensajes anteriores","slug":"mensajes-anteriores","term_group":0,"term_taxonomy_id":42,"taxonomy":"category","description":"","parent":0,"count":7,"filter":"raw","cat_ID":42,"category_count":7,"category_description":"","cat_name":"Mensajes anteriores","category_nicename":"mensajes-anteriores","category_parent":0}],"tag_info":false,"_links":{"self":[{"href":"https:\/\/ansh.org\/es\/wp-json\/wp\/v2\/posts\/2276","targetHints":{"allow":["GET"]}}],"collection":[{"href":"https:\/\/ansh.org\/es\/wp-json\/wp\/v2\/posts"}],"about":[{"href":"https:\/\/ansh.org\/es\/wp-json\/wp\/v2\/types\/post"}],"author":[{"embeddable":true,"href":"https:\/\/ansh.org\/es\/wp-json\/wp\/v2\/users\/11"}],"replies":[{"embeddable":true,"href":"https:\/\/ansh.org\/es\/wp-json\/wp\/v2\/comments?post=2276"}],"version-history":[{"count":1,"href":"https:\/\/ansh.org\/es\/wp-json\/wp\/v2\/posts\/2276\/revisions"}],"predecessor-version":[{"id":2277,"href":"https:\/\/ansh.org\/es\/wp-json\/wp\/v2\/posts\/2276\/revisions\/2277"}],"wp:featuredmedia":[{"embeddable":true,"href":"https:\/\/ansh.org\/es\/wp-json\/wp\/v2\/media\/2162"}],"wp:attachment":[{"href":"https:\/\/ansh.org\/es\/wp-json\/wp\/v2\/media?parent=2276"}],"wp:term":[{"taxonomy":"category","embeddable":true,"href":"https:\/\/ansh.org\/es\/wp-json\/wp\/v2\/categories?post=2276"},{"taxonomy":"post_tag","embeddable":true,"href":"https:\/\/ansh.org\/es\/wp-json\/wp\/v2\/tags?post=2276"}],"curies":[{"name":"wp","href":"https:\/\/api.w.org\/{rel}","templated":true}]}}